{"id":5421,"date":"2026-09-03T16:57:29","date_gmt":"2026-09-03T14:57:29","guid":{"rendered":"https:\/\/juz-mannheim.de\/?p=5421"},"modified":"2026-09-03T16:57:32","modified_gmt":"2026-09-03T14:57:32","slug":"kursstart-im-september-sprachkurs-deutsch-fuer-gefluechtete-und-migrantinnen","status":"publish","type":"post","link":"https:\/\/juz-mannheim.de\/it\/kursstart-im-september-sprachkurs-deutsch-fuer-gefluechtete-und-migrantinnen\/","title":{"rendered":"Kursstart im September: Sprachkurs Deutsch f\u00fcr Gefl\u00fcchtete und Migrant*innen"},"content":{"rendered":"\n<p><strong>Sprachkurs Deutsch f\u00fcr Gefl\u00fcchtete und Migrant*innen<\/strong><\/p>\n\n\n\n<p>Im Jugendzentrum \u201cFriedrich D\u00fcrr\u201d (JUZ) in der Neckarstadt gibt es kostenlose Sprachkurse in Deutsch f\u00fcr Gefl\u00fcchtete und Migrant*innen. Die Kurse sind offen f\u00fcr Anf\u00e4nger*innen und Fortgeschrittene.<\/p>\n\n\n\n<p><strong>Kurszeiten:<\/strong><\/p>\n\n\n\n<p>Montag 16:30 &#8211; 18:00 Uhr (Level 1 &#8211; Start am Montag den 14.09.2026)<br>Dienstag 16:30 &#8211; 18:00 Uhr (Level 2 &#8211; Start am Dienstag den 15.09.2026)<br>Mittwoch 16:30 &#8211; 18:00 Uhr (Level 2 &#8211; Start am Mittwoch den 09.09.2026)<br>Freitag 10:30 &#8211; 12:00 Uhr (Level 1 &#8211; Start am Freitag den 11.09.2026)<\/p>\n\n\n\n<p><em>&#8211;&gt; Zur Teilnahme bitte an <a href=\"mailto:sprachkurs@juz-mannheim.de\">sprachkurs@juz-mannheim.de<\/a> mailen!<\/em><\/p>\n\n\n\n<p>Die Kurse finden im Jugendzentrum \u201cFriedrich D\u00fcrr\u201d (JUZ) statt.<br>Adresse:<br>K\u00e4the-Kollwitz-Str. 2-4<br>68169 Mannheim<br>(Neuer Messplatz)<\/p>\n","protected":false},"excerpt":{"rendered":"<p>Sprachkurs Deutsch f\u00fcr Gefl\u00fcchtete und Migrant*innen Im Jugendzentrum \u201cFriedrich D\u00fcrr\u201d (JUZ) in der Neckarstadt gibt es kostenlose Sprachkurse in Deutsch f\u00fcr Gefl\u00fcchtete und Migrant*innen. Die Kurse sind offen f\u00fcr Anf\u00e4nger*innen und Fortgeschrittene. Kurszeiten: Montag 16:30 &#8211; 18:00 Uhr (Level 1 &#8211; Start am Montag den 14.09.2026)Dienstag 16:30 &#8211; 18:00 Uhr (Level 2 &#8211; Start am Dienstag den 15.09.2026)Mittwoch 16:30 &#8211; 18:00 Uhr (Level 2 &#8211; Start am Mittwoch den 09.09.2026)Freitag 10:30 &#8211; 12:00 Uhr (Level 1 &#8211; Start am Freitag den 11.09.2026) &#8211;&gt; Zur Teilnahme bitte an sprachkurs@juz-mannheim.de mailen! Die Kurse finden im Jugendzentrum \u201cFriedrich D\u00fcrr\u201d (JUZ) statt.Adresse:K\u00e4the-Kollwitz-Str. 2-468169 Mannheim(Neuer<\/p>\n<p><a class=\"excerpt-more blog-excerpt\" href=\"https:\/\/juz-mannheim.de\/it\/kursstart-im-september-sprachkurs-deutsch-fuer-gefluechtete-und-migrantinnen\/\">&#8230;mehr<\/a><\/p>\n","protected":false},"author":1,"featured_media":0,"comment_status":"closed","ping_status":"closed","sticky":false,"template":"","format":"standard","meta":{"footnotes":""},"categories":[7],"tags":[],"class_list":["post-5421","post","type-post","status-publish","format-standard","hentry","category-angebote"],"translation":{"provider":"WPGlobus","version":"3.0.4","language":"it","enabled_languages":["de","en","undefined","it"],"languages":{"de":{"title":true,"content":true,"excerpt":false},"en":{"title":false,"content":false,"excerpt":false},"undefined":{"title":false,"content":false,"excerpt":false},"it":{"title":false,"content":false,"excerpt":false}}},"_links":{"self":[{"href":"https:\/\/juz-mannheim.de\/it\/wp-json\/wp\/v2\/posts\/5421","targetHints":{"allow":["GET"]}}],"collection":[{"href":"https:\/\/juz-mannheim.de\/it\/wp-json\/wp\/v2\/posts"}],"about":[{"href":"https:\/\/juz-mannheim.de\/it\/wp-json\/wp\/v2\/types\/post"}],"author":[{"embeddable":true,"href":"https:\/\/juz-mannheim.de\/it\/wp-json\/wp\/v2\/users\/1"}],"replies":[{"embeddable":true,"href":"https:\/\/juz-mannheim.de\/it\/wp-json\/wp\/v2\/comments?post=5421"}],"version-history":[{"count":1,"href":"https:\/\/juz-mannheim.de\/it\/wp-json\/wp\/v2\/posts\/5421\/revisions"}],"predecessor-version":[{"id":5422,"href":"https:\/\/juz-mannheim.de\/it\/wp-json\/wp\/v2\/posts\/5421\/revisions\/5422"}],"wp:attachment":[{"href":"https:\/\/juz-mannheim.de\/it\/wp-json\/wp\/v2\/media?parent=5421"}],"wp:term":[{"taxonomy":"category","embeddable":true,"href":"https:\/\/juz-mannheim.de\/it\/wp-json\/wp\/v2\/categories?post=5421"},{"taxonomy":"post_tag","embeddable":true,"href":"https:\/\/juz-mannheim.de\/it\/wp-json\/wp\/v2\/tags?post=5421"}],"curies":[{"name":"wp","href":"https:\/\/api.w.org\/{rel}","templated":true}]}}