{"id":4865,"date":"2024-06-06T12:43:13","date_gmt":"2024-06-06T10:43:13","guid":{"rendered":"https:\/\/juz-mannheim.de\/?p=4865"},"modified":"2024-06-06T12:43:22","modified_gmt":"2024-06-06T10:43:22","slug":"gegen-islamismus-und-rassismus-gegen-die-hetze-der-afd","status":"publish","type":"post","link":"https:\/\/juz-mannheim.de\/en\/gegen-islamismus-und-rassismus-gegen-die-hetze-der-afd\/","title":{"rendered":"Gegen Islamismus und Rassismus \u2013 gegen die Hetze der AfD!"},"content":{"rendered":"\n<figure class=\"wp-block-image size-full\"><img loading=\"lazy\" decoding=\"async\" width=\"300\" height=\"300\" src=\"https:\/\/juz-mannheim.de\/wp-content\/uploads\/2024\/06\/sharepic-mgr-7.6.24-1-300x300-1.jpg\" alt=\"\" class=\"wp-image-4866\" srcset=\"https:\/\/juz-mannheim.de\/wp-content\/uploads\/2024\/06\/sharepic-mgr-7.6.24-1-300x300-1.jpg 300w, https:\/\/juz-mannheim.de\/wp-content\/uploads\/2024\/06\/sharepic-mgr-7.6.24-1-300x300-1-150x150.jpg 150w\" sizes=\"auto, (max-width: 300px) 100vw, 300px\" \/><\/figure>\n\n\n\n<p>Eine Woche nach der Messerattacke eines vermutlich islamistischen Attent\u00e4ters auf dem Mannheimer Marktplatz, bei der mehrere Menschen verletzt und ein Polizist get\u00f6tet wurde, hat die AfD zur Gro\u00dfdemonstration aufgerufen. Sie will den Anschlag f\u00fcr ihre rassistische Hetze gegen Muslime und Gefl\u00fcchtete instrumentalisieren. Wir stellen uns dem entgegen und rufen zur Demonstration gegen Islamismus und Rassismus und f\u00fcr Zusammenhalt und Vielfalt auf. Wir verteidigen unsere vielf\u00e4ltige Gesellschaft gegen religi\u00f6sen Fanatismus und gegen rechte Hetze.&nbsp;<\/p>\n\n\n\n<p>Nach aktuellen Planungen starten wir um 17:30 Uhr auf dem Alten Messplatz und ziehen mit unserer Demonstration in Richtung der AfD-Kundgebung. Dort wollen wir uns den Rechtsextremen in Sicht- und H\u00f6rweite friedlich entgegen stellen.<\/p>\n\n\n\n<p><strong>Freitag, 7. Juni 2024<\/strong><br><strong>Demonstration \u201eGegen Islamismus und Rassismus \u2013 Zusammenhalt f\u00fcr Vielfalt\u201c<br>17:30 Uhr \u2013 Alter Messplatz<\/strong><\/p>\n\n\n\n<p>Genauere Informationen folgen, \u00c4nderungen bei Zeit und Ort sind m\u00f6glich. Es finden noch diverse organisatorische Absprachen statt.<\/p>\n\n\n\n<hr class=\"wp-block-separator has-alpha-channel-opacity\"\/>\n\n\n\n<p>Aufruf zur Demonstration<\/p>\n\n\n\n<p><strong>Solidarit\u00e4t ist unsere St\u00e4rke:<\/strong><br><strong>Gegen Islamismus und Rassismus \u2013 Zusammenhalt f\u00fcr Vielfalt<\/strong><\/p>\n\n\n\n<p>Unser Mitgef\u00fchl gilt den Angeh\u00f6rigen des get\u00f6teten Polizisten.<\/p>\n\n\n\n<p>Vergangenen Freitag kam es auf dem Mannheimer Marktplatz bei einer rassistischen und antimuslimischen Kundgebung zu einer Messerattacke. Ein Polizist, der versuchte, einer auf dem Boden liegenden und angegriffenen Person zu helfen, wurde dabei lebensgef\u00e4hrlich verletzt und erlag am Sonntag seinen Verletzungen. Die Anteilnahme am Tod des Polizisten ist \u00fcberw\u00e4ltigend. Der mutma\u00dfliche T\u00e4ter geh\u00f6rt f\u00fcr seine Gewalttat vor Gericht.<\/p>\n\n\n\n<p>Der Vorfall zeigt, dass Islamismus eine konkrete Gefahr ist. Deswegen stellen wir uns entschieden gegen eine Instrumentalisierung des Vorfalls durch die AfD. Den Umstand, dass der T\u00e4ter ein Gefl\u00fcchteter aus Afghanistan ist, m\u00f6chte die rechtsextreme AfD am Freitag nutzen, um in Mannheim gegen Muslime und Gefl\u00fcchtete zu hetzen. Sie versuchen den Tod des Polizisten f\u00fcr ihre rassistische und antimuslimische Politik zu vereinnahmen und rufen bundesweit zu einer Kundgebung in unserer Stadt auf.<\/p>\n\n\n\n<p>Als Stadtgesellschaft und breites B\u00fcndnis gegen Rechts stehen wir entschieden f\u00fcr ein tolerantes, vielf\u00e4ltiges und solidarisches Mannheim. Daher rufen wir zur Demonstration auf: Wir stehen gegen Islamismus und Rassismus und f\u00fcr Zusammenhalt. Wir verteidigen unsere vielf\u00e4ltige Gesellschaft gegen religi\u00f6sen Fanatismus und rechte Hetze.<\/p>\n\n\n\n<p>Migration geh\u00f6rt zu Mannheim. Vielfalt geh\u00f6rt zu Mannheim. B\u00fcrger*innen muslimischen Glaubens geh\u00f6ren zu Mannheim.<\/p>\n\n\n\n<p>Wir rufen alle dazu auf, sich nicht zu verallgemeinernden Aussagen hinrei\u00dfen zu lassen und antimuslimischem Rassismus zu widersprechen. Der erste Mensch, der den Angreifer abwehrte und Zivilcourage bewies, war Muslim. Die erste Ersthelferin trug ein Kopftuch. Muslimisches Leben ist eine Selbstverst\u00e4ndlichkeit in Mannheim. Die Forderung nach \u201eRemigration\u201c ist zutiefst rassistisch und kann das Problem Islamismus nicht bek\u00e4mpfen und schon gar nicht l\u00f6sen. Wir wollen eine solidarische Stadt, die ein gutes Leben f\u00fcr alle erm\u00f6glicht. Islamismus ist eine Ideologie und nicht an ethnische Herkunft gebunden. Wir fordern politische und sozialarbeiterische Pr\u00e4vention sowie ein konsequentes Vorgehen gegen islamistische Strukturen, statt gef\u00e4hrlicher rechter Hetze.<\/p>\n\n\n\n<p>Kommt am Freitag mit uns gegen die AfD und ihre rechte Hetze demonstrieren. Zeigen wir gemeinsam, dass f\u00fcr ihren Hass weder in Mannheim noch sonst wo Platz ist.<\/p>\n\n\n\n<p>Wir rufen alle auf \u2013 von denen, die schon gegen die NPD demonstriert haben, bis zu jenen, die noch nie auf einer Demonstration waren:<br>Kommt mit uns auf die Stra\u00dfe. Lasst uns gemeinsam und lautstark f\u00fcr eine vielf\u00e4ltige Demokratie und ein offenes Mannheim einstehen. Bringt Banner, Fahnen und Plakate mit!<\/p>\n\n\n\n<p><strong>Was? Eine Demonstration<\/strong><br><strong>Wann? Freitag, der 7. Juni um 17:30 Uhr<\/strong><br><strong>Wo? In H\u00f6r- und Sichtweite der AfD bis zum Ende ihrer menschenfeindlichen Kundgebung<\/strong><\/p>\n\n\n\n<p>Die AfD und ihr extrem rechtes Gedankengut greifen uns alle an. Wir stehen f\u00fcr ein solidarisches und vielf\u00e4ltiges Mannheim.<\/p>\n","protected":false},"excerpt":{"rendered":"<p>Eine Woche nach der Messerattacke eines vermutlich islamistischen Attent\u00e4ters auf dem Mannheimer Marktplatz, bei der mehrere Menschen verletzt und ein Polizist get\u00f6tet wurde, hat die AfD zur Gro\u00dfdemonstration aufgerufen. Sie will den Anschlag f\u00fcr ihre rassistische Hetze gegen Muslime und Gefl\u00fcchtete instrumentalisieren. Wir stellen uns dem entgegen und rufen zur Demonstration gegen Islamismus und Rassismus und f\u00fcr Zusammenhalt und Vielfalt auf. Wir verteidigen unsere vielf\u00e4ltige Gesellschaft gegen religi\u00f6sen Fanatismus und gegen rechte Hetze.&nbsp; Nach aktuellen Planungen starten wir um 17:30 Uhr auf dem Alten Messplatz und ziehen mit unserer Demonstration in Richtung der AfD-Kundgebung. Dort wollen wir uns den Rechtsextremen<\/p>\n<p><a class=\"excerpt-more blog-excerpt\" href=\"https:\/\/juz-mannheim.de\/en\/gegen-islamismus-und-rassismus-gegen-die-hetze-der-afd\/\">&#8230;mehr<\/a><\/p>\n","protected":false},"author":1,"featured_media":0,"comment_status":"closed","ping_status":"closed","sticky":false,"template":"","format":"standard","meta":{"footnotes":""},"categories":[1],"tags":[],"class_list":["post-4865","post","type-post","status-publish","format-standard","hentry","category-allgemein"],"translation":{"provider":"WPGlobus","version":"3.0.2","language":"en","enabled_languages":["de","en"],"languages":{"de":{"title":true,"content":true,"excerpt":false},"en":{"title":false,"content":false,"excerpt":false}}},"_links":{"self":[{"href":"https:\/\/juz-mannheim.de\/en\/wp-json\/wp\/v2\/posts\/4865","targetHints":{"allow":["GET"]}}],"collection":[{"href":"https:\/\/juz-mannheim.de\/en\/wp-json\/wp\/v2\/posts"}],"about":[{"href":"https:\/\/juz-mannheim.de\/en\/wp-json\/wp\/v2\/types\/post"}],"author":[{"embeddable":true,"href":"https:\/\/juz-mannheim.de\/en\/wp-json\/wp\/v2\/users\/1"}],"replies":[{"embeddable":true,"href":"https:\/\/juz-mannheim.de\/en\/wp-json\/wp\/v2\/comments?post=4865"}],"version-history":[{"count":1,"href":"https:\/\/juz-mannheim.de\/en\/wp-json\/wp\/v2\/posts\/4865\/revisions"}],"predecessor-version":[{"id":4867,"href":"https:\/\/juz-mannheim.de\/en\/wp-json\/wp\/v2\/posts\/4865\/revisions\/4867"}],"wp:attachment":[{"href":"https:\/\/juz-mannheim.de\/en\/wp-json\/wp\/v2\/media?parent=4865"}],"wp:term":[{"taxonomy":"category","embeddable":true,"href":"https:\/\/juz-mannheim.de\/en\/wp-json\/wp\/v2\/categories?post=4865"},{"taxonomy":"post_tag","embeddable":true,"href":"https:\/\/juz-mannheim.de\/en\/wp-json\/wp\/v2\/tags?post=4865"}],"curies":[{"name":"wp","href":"https:\/\/api.w.org\/{rel}","templated":true}]}}