{"id":4853,"date":"2024-05-23T14:21:47","date_gmt":"2024-05-23T12:21:47","guid":{"rendered":"https:\/\/juz-mannheim.de\/?p=4853"},"modified":"2024-05-23T14:21:50","modified_gmt":"2024-05-23T12:21:50","slug":"kz-gedenkstaette-sandhofen-sucht-neue-guides","status":"publish","type":"post","link":"https:\/\/juz-mannheim.de\/en\/kz-gedenkstaette-sandhofen-sucht-neue-guides\/","title":{"rendered":"KZ-Gedenkst\u00e4tte Sandhofen sucht neue Guides!"},"content":{"rendered":"\n<figure class=\"wp-block-image size-full\"><img loading=\"lazy\" decoding=\"async\" width=\"585\" height=\"833\" src=\"https:\/\/juz-mannheim.de\/wp-content\/uploads\/2024\/05\/Guideschulung2024.png\" alt=\"\" class=\"wp-image-4854\" srcset=\"https:\/\/juz-mannheim.de\/wp-content\/uploads\/2024\/05\/Guideschulung2024.png 585w, https:\/\/juz-mannheim.de\/wp-content\/uploads\/2024\/05\/Guideschulung2024-211x300.png 211w\" sizes=\"auto, (max-width: 585px) 100vw, 585px\" \/><\/figure>\n\n\n\n<p><strong>KZ-GEDENKST\u00c4TTE SANDHOFEN SUCHT NEUE GUIDES!<\/strong><br>Schulung im Juli 2024<br>Der Verein KZ-Gedenkst\u00e4tte Sandhofen e.V. sucht Personen, die Interesse haben, Gruppen und Schulklassen durch die Dauerausstellung zu f\u00fchren und die Geschichte des KZ-Au\u00dfenlagers zu vermitteln. Menschen ab 16 Jahren, die kommunikativ und geschichtsinteressiert sind, k\u00f6nnen sich im Rahmen der Schulung in Theorie und Praxis mit der p\u00e4dagogischen Arbeit der KZ-Gedenkst\u00e4tte Sandhofen auseinandersetzen und die didaktischen Konzepte f\u00fcr Gruppenf\u00fchrungen kennenlernen. Ziel der Schulung ist die eigenst\u00e4ndige Durchf\u00fchrung von F\u00fchrungen in der KZ-Gedenkst\u00e4tte Sandhofen. Die Teilnahme am Einf\u00fchrungstag, den beiden Schulungstagen sowie mindestens eine Hospitation bei einem\/einer erfahrenen Guide sind daf\u00fcr obligatorisch. Die Guide-T\u00e4tigkeit erfolgt auf ehrenamtlicher Basis. Pro F\u00fchrung wird eine Aufwandspauschale gezahlt.<br><strong>EINF\u00dcHRUNGSTAG<\/strong> Sa. 20.07.2024<br><strong>SCHULUNGSWOCHENENDE<\/strong> Sa., 27.07.2024 und So., 28.07.2024<br>Jeweils 10-18 Uhr<br><strong>ANMELDUNG <\/strong><br>Per E-Mail an info@kz-gedenkstaette-sandhofen.de<\/p>\n","protected":false},"excerpt":{"rendered":"<p>KZ-GEDENKST\u00c4TTE SANDHOFEN SUCHT NEUE GUIDES!Schulung im Juli 2024Der Verein KZ-Gedenkst\u00e4tte Sandhofen e.V. sucht Personen, die Interesse haben, Gruppen und Schulklassen durch die Dauerausstellung zu f\u00fchren und die Geschichte des KZ-Au\u00dfenlagers zu vermitteln. Menschen ab 16 Jahren, die kommunikativ und geschichtsinteressiert sind, k\u00f6nnen sich im Rahmen der Schulung in Theorie und Praxis mit der p\u00e4dagogischen Arbeit der KZ-Gedenkst\u00e4tte Sandhofen auseinandersetzen und die didaktischen Konzepte f\u00fcr Gruppenf\u00fchrungen kennenlernen. Ziel der Schulung ist die eigenst\u00e4ndige Durchf\u00fchrung von F\u00fchrungen in der KZ-Gedenkst\u00e4tte Sandhofen. Die Teilnahme am Einf\u00fchrungstag, den beiden Schulungstagen sowie mindestens eine Hospitation bei einem\/einer erfahrenen Guide sind daf\u00fcr obligatorisch. Die Guide-T\u00e4tigkeit erfolgt<\/p>\n<p><a class=\"excerpt-more blog-excerpt\" href=\"https:\/\/juz-mannheim.de\/en\/kz-gedenkstaette-sandhofen-sucht-neue-guides\/\">&#8230;mehr<\/a><\/p>\n","protected":false},"author":1,"featured_media":0,"comment_status":"closed","ping_status":"closed","sticky":false,"template":"","format":"standard","meta":{"footnotes":""},"categories":[1],"tags":[],"class_list":["post-4853","post","type-post","status-publish","format-standard","hentry","category-allgemein"],"translation":{"provider":"WPGlobus","version":"3.0.2","language":"en","enabled_languages":["de","en"],"languages":{"de":{"title":true,"content":true,"excerpt":false},"en":{"title":false,"content":false,"excerpt":false}}},"_links":{"self":[{"href":"https:\/\/juz-mannheim.de\/en\/wp-json\/wp\/v2\/posts\/4853","targetHints":{"allow":["GET"]}}],"collection":[{"href":"https:\/\/juz-mannheim.de\/en\/wp-json\/wp\/v2\/posts"}],"about":[{"href":"https:\/\/juz-mannheim.de\/en\/wp-json\/wp\/v2\/types\/post"}],"author":[{"embeddable":true,"href":"https:\/\/juz-mannheim.de\/en\/wp-json\/wp\/v2\/users\/1"}],"replies":[{"embeddable":true,"href":"https:\/\/juz-mannheim.de\/en\/wp-json\/wp\/v2\/comments?post=4853"}],"version-history":[{"count":1,"href":"https:\/\/juz-mannheim.de\/en\/wp-json\/wp\/v2\/posts\/4853\/revisions"}],"predecessor-version":[{"id":4855,"href":"https:\/\/juz-mannheim.de\/en\/wp-json\/wp\/v2\/posts\/4853\/revisions\/4855"}],"wp:attachment":[{"href":"https:\/\/juz-mannheim.de\/en\/wp-json\/wp\/v2\/media?parent=4853"}],"wp:term":[{"taxonomy":"category","embeddable":true,"href":"https:\/\/juz-mannheim.de\/en\/wp-json\/wp\/v2\/categories?post=4853"},{"taxonomy":"post_tag","embeddable":true,"href":"https:\/\/juz-mannheim.de\/en\/wp-json\/wp\/v2\/tags?post=4853"}],"curies":[{"name":"wp","href":"https:\/\/api.w.org\/{rel}","templated":true}]}}