{"id":4763,"date":"2024-03-12T11:58:16","date_gmt":"2024-03-12T10:58:16","guid":{"rendered":"https:\/\/juz-mannheim.de\/?p=4763"},"modified":"2024-03-14T17:05:37","modified_gmt":"2024-03-14T16:05:37","slug":"den-rechten-keine-raeume-am-samstag-der-afd-in-mannheim-rheinau-entgegentreten","status":"publish","type":"post","link":"https:\/\/juz-mannheim.de\/en\/den-rechten-keine-raeume-am-samstag-der-afd-in-mannheim-rheinau-entgegentreten\/","title":{"rendered":"Den Rechten keine R\u00e4ume &#8211; am Samstag der AfD in Mannheim-Rheinau entgegentreten!"},"content":{"rendered":"\n<p>Am 16.03. ist in Mannheim politisch einiges an Programm geboten: Mannheim gegen Rechts ruft zu einem Aktionstag in der Innenstadt auf, die Rote Hilfe veranstaltet eine Kundgebung zum Tag der politischen Gefangenen und noch dazu veranstaltet die AfD Mannheim zum zweiten Mal einen B\u00fcrgerdialog im B\u00fcrgerhaus Rheinau.<\/p>\n\n\n\n<p>Wir werden als OAT Mannheim auf allen Veranstaltungen pr\u00e4sent sein und selbstverst\u00e4ndlich vor allem auch dieses Mal direkte Proteste gegen die Veranstaltung der AfD organisieren.<\/p>\n\n\n\n<p>Die Zeiten sind brisant: Die AfD befindet sich seit einigen Monaten auf einem Umfragehoch, und bei den Ostdeutschen Landtagswahlen im Herbst steht das erste Mal eine Regierungsverantwortung der rechten Partei realistisch im Raum. Das Potsdamer Treffen auf dem die Rechten ihre Deportationspl\u00e4ne schmiedeten, hat gro\u00dfe Teile der Zivilbev\u00f6lkerung wachger\u00fcttelt. In ganz Deutschland, auch in Mannheim, gab es symbolische Proteste gegen Rechts von beeindruckender Gr\u00f6\u00dfe.<\/p>\n\n\n\n<p>Das gibt Hoffnung und war ein wichtiges Zeichen, noch wichtiger ist aber jetzt, dass es nicht bei diesen symbolischen Protesten bleibt. Um nachhaltig gegen Rechts zu k\u00e4mpfen, braucht es sowohl k\u00e4mpferischen Widerstand, der die Handlungsf\u00e4higkeit der AfD konkret einschr\u00e4nkt, aber auch eine klare Kritik am Handeln der aktuellen Regierung: W\u00e4hrend die Ampelparteien und CDU sich versuchen als Retter:innen der Demokratie zu stilisieren, werden mit einer rassistischen Abschiebe- und Innenpolitik die Ideen der AfD schon jetzt in Teilen umgesetzt.<\/p>\n\n\n\n<p>Gleichzeitig wird konstant der Sozialstaat abgebaut und Politik f\u00fcr Reiche und Konzerne gemacht. Diese unsoziale Politik beg\u00fcnstigt den Aufstieg der Rechten und erfordert eine klare Gegenperspektive von Links. Jetzt ist der Zeitpunkt als Gesellschaft auf die Worte der letzten Wochen Taten folgen zu lassen und den Rechten den Kampf anzusagen. In Mannheim ist ein wichtiger Tag daf\u00fcr der 16.03. Wir vom OAT Mannheim k\u00e4mpfen kontinuierlich und unerm\u00fcdlich gegen den Rechtsruck, indem wir Nazis und rechte Hetze nirgendwo in Ruhe lassen. Wenn es uns gelingt, den gesellschaftlichen Aufschrei in eine breite und k\u00e4mpferische antifaschistische Bewegung zu kanalisieren und gemeinsam und entschlossen handeln, k\u00f6nnen wir dem rechten Vormarsch tats\u00e4chlich Einhalt gebieten.<\/p>\n\n\n\n<p>Daf\u00fcr brauchen wir euch alle auf der Stra\u00dfe &#8211; am 16.03. auf der Rheinau. Es gibt eine Kundgebung direkt vor dem Veranstaltungsort der Rechten um sie direkt vor Ort zu st\u00f6ren und um Ihre Hetze nicht unwidersprochen zu lassen. Wir reisen dazu direkt von der Roten Hilfe Kundgebung gemeinsam mit der Bahn an.<\/p>\n\n\n\n<p><strong>Treffpunkt f\u00fcr die gemeinsame Bahnanreise auf die Rheinau ist um 17.00 Uhr (wir nehmen die Stra\u00dfenbahn Nummer 1 um 17.16 Uhr) am Marktplatz &#8211; kommt gerne auch schon um 16.30 Uhr zur Kundgebung zum Tag der politischen Gefangenen! Wer am Bahnhof Mannheim zusteigen m\u00f6chte: Treffpunkt am Bahnhof ist um 17.10 Uhr (Zustieg in die Stra\u00dfenbahn Nummer 1 um 17.23 Uhr).<\/strong><\/p>\n\n\n\n<p>solidarische Gr\u00fc\u00dfe!<\/p>\n\n\n\n<figure class=\"wp-block-image size-full\"><img loading=\"lazy\" decoding=\"async\" width=\"1280\" height=\"1280\" src=\"https:\/\/juz-mannheim.de\/wp-content\/uploads\/2024\/03\/Protestkundgebung_AfD-Veranstaltung_20240316.jpg\" alt=\"\" class=\"wp-image-4767\" srcset=\"https:\/\/juz-mannheim.de\/wp-content\/uploads\/2024\/03\/Protestkundgebung_AfD-Veranstaltung_20240316.jpg 1280w, https:\/\/juz-mannheim.de\/wp-content\/uploads\/2024\/03\/Protestkundgebung_AfD-Veranstaltung_20240316-300x300.jpg 300w, https:\/\/juz-mannheim.de\/wp-content\/uploads\/2024\/03\/Protestkundgebung_AfD-Veranstaltung_20240316-150x150.jpg 150w, https:\/\/juz-mannheim.de\/wp-content\/uploads\/2024\/03\/Protestkundgebung_AfD-Veranstaltung_20240316-768x768.jpg 768w\" sizes=\"auto, (max-width: 1280px) 100vw, 1280px\" \/><\/figure>\n","protected":false},"excerpt":{"rendered":"<p>Am 16.03. ist in Mannheim politisch einiges an Programm geboten: Mannheim gegen Rechts ruft zu einem Aktionstag in der Innenstadt auf, die Rote Hilfe veranstaltet eine Kundgebung zum Tag der politischen Gefangenen und noch dazu veranstaltet die AfD Mannheim zum zweiten Mal einen B\u00fcrgerdialog im B\u00fcrgerhaus Rheinau. Wir werden als OAT Mannheim auf allen Veranstaltungen pr\u00e4sent sein und selbstverst\u00e4ndlich vor allem auch dieses Mal direkte Proteste gegen die Veranstaltung der AfD organisieren. Die Zeiten sind brisant: Die AfD befindet sich seit einigen Monaten auf einem Umfragehoch, und bei den Ostdeutschen Landtagswahlen im Herbst steht das erste Mal eine Regierungsverantwortung der<\/p>\n<p><a class=\"excerpt-more blog-excerpt\" href=\"https:\/\/juz-mannheim.de\/en\/den-rechten-keine-raeume-am-samstag-der-afd-in-mannheim-rheinau-entgegentreten\/\">&#8230;mehr<\/a><\/p>\n","protected":false},"author":1,"featured_media":0,"comment_status":"closed","ping_status":"closed","sticky":false,"template":"","format":"standard","meta":{"footnotes":""},"categories":[1],"tags":[],"class_list":["post-4763","post","type-post","status-publish","format-standard","hentry","category-allgemein"],"translation":{"provider":"WPGlobus","version":"3.0.2","language":"en","enabled_languages":["de","en"],"languages":{"de":{"title":true,"content":true,"excerpt":false},"en":{"title":false,"content":false,"excerpt":false}}},"_links":{"self":[{"href":"https:\/\/juz-mannheim.de\/en\/wp-json\/wp\/v2\/posts\/4763","targetHints":{"allow":["GET"]}}],"collection":[{"href":"https:\/\/juz-mannheim.de\/en\/wp-json\/wp\/v2\/posts"}],"about":[{"href":"https:\/\/juz-mannheim.de\/en\/wp-json\/wp\/v2\/types\/post"}],"author":[{"embeddable":true,"href":"https:\/\/juz-mannheim.de\/en\/wp-json\/wp\/v2\/users\/1"}],"replies":[{"embeddable":true,"href":"https:\/\/juz-mannheim.de\/en\/wp-json\/wp\/v2\/comments?post=4763"}],"version-history":[{"count":2,"href":"https:\/\/juz-mannheim.de\/en\/wp-json\/wp\/v2\/posts\/4763\/revisions"}],"predecessor-version":[{"id":4768,"href":"https:\/\/juz-mannheim.de\/en\/wp-json\/wp\/v2\/posts\/4763\/revisions\/4768"}],"wp:attachment":[{"href":"https:\/\/juz-mannheim.de\/en\/wp-json\/wp\/v2\/media?parent=4763"}],"wp:term":[{"taxonomy":"category","embeddable":true,"href":"https:\/\/juz-mannheim.de\/en\/wp-json\/wp\/v2\/categories?post=4763"},{"taxonomy":"post_tag","embeddable":true,"href":"https:\/\/juz-mannheim.de\/en\/wp-json\/wp\/v2\/tags?post=4763"}],"curies":[{"name":"wp","href":"https:\/\/api.w.org\/{rel}","templated":true}]}}