{"id":3968,"date":"2020-03-12T17:34:44","date_gmt":"2020-03-12T16:34:44","guid":{"rendered":"https:\/\/juz-mannheim.de\/?p=3968"},"modified":"2020-03-12T17:34:45","modified_gmt":"2020-03-12T16:34:45","slug":"solidaritaet-mit-den-gefluechteten-an-der-tuerkisch-griechischen-grenze","status":"publish","type":"post","link":"https:\/\/juz-mannheim.de\/en\/solidaritaet-mit-den-gefluechteten-an-der-tuerkisch-griechischen-grenze\/","title":{"rendered":"Solidarit\u00e4t mit den Gefl\u00fcchteten an der t\u00fcrkisch-griechischen Grenze"},"content":{"rendered":"\n<p><strong>Solidarit\u00e4t mit den Gefl\u00fcchteten an der t\u00fcrkisch-griechischen Grenze.<\/strong><\/p>\n\n\n\n<p><strong>Soli-Kundgebung am Samstag, den 14.03.2020, von 16.30 &#8211; 18.30 Uhr\u00a0Mannheim, R 1 (Breite) Stra\u00dfe, gegen\u00fcber Marktplatz<\/strong><\/p>\n\n\n\n<p>Seit mehr als 1 Woche wird deutlich, dass das Asylrecht an der \nt\u00fcrkisch-griechischen Grenze v\u00f6llig unter die R\u00e4der geraten ist. \nGriechenland hat f\u00fcr 1 Monat offiziell das Asylrecht ausgesetzt.<\/p>\n\n\n\n<p>Tausende von Gefl\u00fcchteten im Grenzgebiet von T\u00fcrkei und Griechenland \nsind zum Spielball der beiden rechtsgerichteten Regimes geworden.<\/p>\n\n\n\n<p>W\u00e4hrend die T\u00fcrkei von ihrem Territorium aus Gefl\u00fcchtete sogar mit \nGewalt \u00fcber die Grenze nach Griechenland schafft, \u201esch\u00fctzt\u201c das \nMitsotakis-Regime in Griechenland seine Grenze mit allen Mitteln: mit \nNATO-Stacheldraht, Tr\u00e4nengas- und Blendgranaten, Gummigeschossen und \nWasserwerfern. Sogar zum Gebrauch von Schusswaffen ist es schon \ngekommen. Mehrere Menschen sollen&nbsp;angeschossen worden sein. Es wurde \nberichtet, dass ein Gefl\u00fcchteter erschosssen wurde.<\/p>\n\n\n\n<p>Gefl\u00fcchtete m\u00fcssen sich bis auf die Unterw\u00e4sche ausziehen und kriegen\n von griechischen Grenzsch\u00fctzer*innen Geld und Wertsachen mit Gewalt \nabgenommen.<\/p>\n\n\n\n<p>Griechische und faschistische Schl\u00e4ger aus anderen L\u00e4ndern &#8211; darunter\n Deutschland &#8211; haben die Gefl\u00fcchteten zu Feind*innen erkl\u00e4rt und diese \nsowie ihre Unterst\u00fctzer*innen bedroht und angegriffen. Enige \nHilfsorganisationen haben deswegen ihre Unterst\u00fctzung inzwischen \neingestellt und das Land verlassen.<\/p>\n\n\n\n<p>Durch den Krieg gegen Gefl\u00fcchtete und die damit einhergehende \nDemagogie der Herrschenden in ganz Europa breiten sich Chauvinismus und \nRassismus immer mehr aus und erschweren das friedliche Zusammenleben der\n Menschen.<\/p>\n\n\n\n<p>Die Ursachen von Flucht und Migration haben alle europ\u00e4ischen \n\u201eGrenzsch\u00fctzer-Regierungen\u201c &#8211; mit Deutschland an vorderster Front &#8211; \nselbst geschaffen und zu verantworten durch milit\u00e4rische Interventionen,\n wie in Syrien oder in Afghanistan, das Sch\u00fcren von B\u00fcrgerkriegen und \nden wachsenden Waffenexport. Ursache ist vor allem auch die neokoloniale\n und neoliberale kapitalistische Wirtschaftspolitik, die viele L\u00e4nder in\n den Ruin treibt und massenhafte Armut zur Folge hat<\/p>\n\n\n\n<p><strong>K\u00e4mpfen wir daf\u00fcr,<\/strong> <strong>dass der Krieg gegen Gefl\u00fcchtete sofort beendet wird,<\/strong> <strong>dass die Grenzen ge\u00f6ffnet und legale Fluchtwege f\u00fcr Gefl\u00fcchtete geschaffen werden.<\/strong> <br><strong>Grenzen t\u00f6ten, \u00f6ffnet die Grenzen! <\/strong><br><strong>Transnationale Solidarit\u00e4t gegen Rassismus und Krieg!<\/strong><br><strong>Die \u201eGrenzschutz-Agentur\u201c Frontex abschaffen, T\u00fcrkei-Deal beenden!<\/strong><br><strong>Asyl ist Menschenrecht!<\/strong> <br><strong>Bleiberecht f\u00fcr Gefl\u00fcchtete!<\/strong> <br><strong>Abschiebungen stoppen und Abschiebehaft abschaffen!<\/strong> <br><strong>F\u00fcr eine freie Welt ohne Ausbeutung und Unterdr\u00fcckung und Herrschaft!<\/strong> <br><strong>Kommt zahlreich zur (angemeldeten) Kundgebung!<\/strong><\/p>\n\n\n\n<p>B\u00fcndnis gegen Abschiebungen (BgA) Mannheim und Unterst\u00fctzer*innen<\/p>\n","protected":false},"excerpt":{"rendered":"<p>Solidarit\u00e4t mit den Gefl\u00fcchteten an der t\u00fcrkisch-griechischen Grenze. Soli-Kundgebung am Samstag, den 14.03.2020, von 16.30 &#8211; 18.30 Uhr\u00a0Mannheim, R 1 (Breite) Stra\u00dfe, gegen\u00fcber Marktplatz Seit mehr als 1 Woche wird deutlich, dass das Asylrecht an der t\u00fcrkisch-griechischen Grenze v\u00f6llig unter die R\u00e4der geraten ist. Griechenland hat f\u00fcr 1 Monat offiziell das Asylrecht ausgesetzt. Tausende von Gefl\u00fcchteten im Grenzgebiet von T\u00fcrkei und Griechenland sind zum Spielball der beiden rechtsgerichteten Regimes geworden. W\u00e4hrend die T\u00fcrkei von ihrem Territorium aus Gefl\u00fcchtete sogar mit Gewalt \u00fcber die Grenze nach Griechenland schafft, \u201esch\u00fctzt\u201c das Mitsotakis-Regime in Griechenland seine Grenze mit allen Mitteln: mit NATO-Stacheldraht, Tr\u00e4nengas-<\/p>\n<p><a class=\"excerpt-more blog-excerpt\" href=\"https:\/\/juz-mannheim.de\/en\/solidaritaet-mit-den-gefluechteten-an-der-tuerkisch-griechischen-grenze\/\">&#8230;mehr<\/a><\/p>\n","protected":false},"author":1,"featured_media":0,"comment_status":"closed","ping_status":"closed","sticky":false,"template":"","format":"standard","meta":{"footnotes":""},"categories":[1],"tags":[],"class_list":["post-3968","post","type-post","status-publish","format-standard","hentry","category-allgemein"],"translation":{"provider":"WPGlobus","version":"3.0.2","language":"en","enabled_languages":["de","en"],"languages":{"de":{"title":true,"content":true,"excerpt":false},"en":{"title":false,"content":false,"excerpt":false}}},"_links":{"self":[{"href":"https:\/\/juz-mannheim.de\/en\/wp-json\/wp\/v2\/posts\/3968","targetHints":{"allow":["GET"]}}],"collection":[{"href":"https:\/\/juz-mannheim.de\/en\/wp-json\/wp\/v2\/posts"}],"about":[{"href":"https:\/\/juz-mannheim.de\/en\/wp-json\/wp\/v2\/types\/post"}],"author":[{"embeddable":true,"href":"https:\/\/juz-mannheim.de\/en\/wp-json\/wp\/v2\/users\/1"}],"replies":[{"embeddable":true,"href":"https:\/\/juz-mannheim.de\/en\/wp-json\/wp\/v2\/comments?post=3968"}],"version-history":[{"count":1,"href":"https:\/\/juz-mannheim.de\/en\/wp-json\/wp\/v2\/posts\/3968\/revisions"}],"predecessor-version":[{"id":3969,"href":"https:\/\/juz-mannheim.de\/en\/wp-json\/wp\/v2\/posts\/3968\/revisions\/3969"}],"wp:attachment":[{"href":"https:\/\/juz-mannheim.de\/en\/wp-json\/wp\/v2\/media?parent=3968"}],"wp:term":[{"taxonomy":"category","embeddable":true,"href":"https:\/\/juz-mannheim.de\/en\/wp-json\/wp\/v2\/categories?post=3968"},{"taxonomy":"post_tag","embeddable":true,"href":"https:\/\/juz-mannheim.de\/en\/wp-json\/wp\/v2\/tags?post=3968"}],"curies":[{"name":"wp","href":"https:\/\/api.w.org\/{rel}","templated":true}]}}