{"id":3945,"date":"2020-02-25T13:54:32","date_gmt":"2020-02-25T12:54:32","guid":{"rendered":"https:\/\/juz-mannheim.de\/?p=3945"},"modified":"2020-02-25T13:55:15","modified_gmt":"2020-02-25T12:55:15","slug":"trauer-um-die-in-hanau-durch-rechten-terror-gestorbenen","status":"publish","type":"post","link":"https:\/\/juz-mannheim.de\/en\/trauer-um-die-in-hanau-durch-rechten-terror-gestorbenen\/","title":{"rendered":"Trauer um die in Hanau durch rechten Terror Gestorbenen."},"content":{"rendered":"\n<p>Die Gruppe INPUT Mannheim\/Heidelberg als Teil der Fachschaft politische Bildung im JUZ hat eine Rede zur Mahnwache f\u00fcr die Menschen, die durch den rechten Terroranschlag in Hanau am 19.02.2020 umgekommen sind, gehalten und jetzt ver\u00f6ffentlicht.  <\/p>\n\n\n\n<p>Auch uns im JUZ hat dieser Anschlag sehr traurig und w\u00fctend gemacht. Er best\u00e4rkt uns aber auch, dass unsere klare Positionierung als politisches Jugendzentrum und unser klares Bekenntnis zum Antifaschismus wichtig sind f\u00fcr eine emanzipatorische Jugendarbeit. <br><a href=\"https:\/\/juz-mannheim.de\/wp-content\/uploads\/2020\/02\/Rede-INPUT-Mahnwache-f-Hanau-in-MA_2020-02-20.pdf\">Hier der Link zu dem Download der Rede<\/a>.<\/p>\n","protected":false},"excerpt":{"rendered":"<p>Die Gruppe INPUT Mannheim\/Heidelberg als Teil der Fachschaft politische Bildung im JUZ hat eine Rede zur Mahnwache f\u00fcr die Menschen, die durch den rechten Terroranschlag in Hanau am 19.02.2020 umgekommen sind, gehalten und jetzt ver\u00f6ffentlicht. Auch uns im JUZ hat dieser Anschlag sehr traurig und w\u00fctend gemacht. Er best\u00e4rkt uns aber auch, dass unsere klare Positionierung als politisches Jugendzentrum und unser klares Bekenntnis zum Antifaschismus wichtig sind f\u00fcr eine emanzipatorische Jugendarbeit. Hier der Link zu dem Download der Rede.<\/p>\n","protected":false},"author":1,"featured_media":0,"comment_status":"closed","ping_status":"closed","sticky":false,"template":"","format":"standard","meta":{"footnotes":""},"categories":[1],"tags":[],"class_list":["post-3945","post","type-post","status-publish","format-standard","hentry","category-allgemein"],"translation":{"provider":"WPGlobus","version":"3.0.2","language":"en","enabled_languages":["de","en"],"languages":{"de":{"title":true,"content":true,"excerpt":false},"en":{"title":false,"content":false,"excerpt":false}}},"_links":{"self":[{"href":"https:\/\/juz-mannheim.de\/en\/wp-json\/wp\/v2\/posts\/3945","targetHints":{"allow":["GET"]}}],"collection":[{"href":"https:\/\/juz-mannheim.de\/en\/wp-json\/wp\/v2\/posts"}],"about":[{"href":"https:\/\/juz-mannheim.de\/en\/wp-json\/wp\/v2\/types\/post"}],"author":[{"embeddable":true,"href":"https:\/\/juz-mannheim.de\/en\/wp-json\/wp\/v2\/users\/1"}],"replies":[{"embeddable":true,"href":"https:\/\/juz-mannheim.de\/en\/wp-json\/wp\/v2\/comments?post=3945"}],"version-history":[{"count":2,"href":"https:\/\/juz-mannheim.de\/en\/wp-json\/wp\/v2\/posts\/3945\/revisions"}],"predecessor-version":[{"id":3947,"href":"https:\/\/juz-mannheim.de\/en\/wp-json\/wp\/v2\/posts\/3945\/revisions\/3947"}],"wp:attachment":[{"href":"https:\/\/juz-mannheim.de\/en\/wp-json\/wp\/v2\/media?parent=3945"}],"wp:term":[{"taxonomy":"category","embeddable":true,"href":"https:\/\/juz-mannheim.de\/en\/wp-json\/wp\/v2\/categories?post=3945"},{"taxonomy":"post_tag","embeddable":true,"href":"https:\/\/juz-mannheim.de\/en\/wp-json\/wp\/v2\/tags?post=3945"}],"curies":[{"name":"wp","href":"https:\/\/api.w.org\/{rel}","templated":true}]}}